{"id":24719,"date":"2026-07-19T08:00:00","date_gmt":"2026-07-19T06:00:00","guid":{"rendered":"https:\/\/ruysschaert.info\/?post_type=seoai_post&#038;p=24719"},"modified":"2026-06-08T10:50:04","modified_gmt":"2026-06-08T08:50:04","slug":"un-enfant-avec-retard-de-langage-peut-il-participer-a-un-camp-linguistique-intensif","status":"publish","type":"seoai_post","link":"https:\/\/ruysschaert.info\/fr\/blogs\/un-enfant-avec-retard-de-langage-peut-il-participer-a-un-camp-linguistique-intensif\/","title":{"rendered":"Un enfant ayant un retard de langage peut-il participer \u00e0 un camp linguistique intensif ?"},"content":{"rendered":"<p>Oui, un enfant ayant un retard linguistique peut tout \u00e0 fait participer \u00e0 un s\u00e9jour linguistique intensif. Bien au contraire : pour de nombreux enfants qui peinent avec une langue \u00e0 l&rsquo;\u00e9cole, un s\u00e9jour linguistique est pr\u00e9cis\u00e9ment l&rsquo;environnement o\u00f9 ils font enfin de v\u00e9ritables progr\u00e8s. La combinaison d&rsquo;une immersion totale, de petits groupes et d&rsquo;une atmosph\u00e8re bienveillante cr\u00e9e une diff\u00e9rence que les cours traditionnels ne peuvent souvent pas offrir. Dans cet article, nous r\u00e9pondons aux questions les plus fr\u00e9quentes des parents concernant les s\u00e9jours linguistiques et les enfants ayant un retard linguistique.<\/p>\n<h2>En quoi consiste exactement un s\u00e9jour linguistique intensif ?<\/h2>\n<p>Un s\u00e9jour linguistique intensif est une exp\u00e9rience r\u00e9sidentielle de plusieurs jours durant laquelle les enfants parlent, entendent et utilisent la langue cible le plus possible dans toutes les situations du quotidien. Non seulement pendant les cours, mais aussi lors des repas, des activit\u00e9s ludiques et des moments libres. C&rsquo;est ce que l&rsquo;on appelle l&rsquo;immersion totale ou le bain linguistique.<\/p>\n<p>La diff\u00e9rence avec un cours de langue ordinaire \u00e0 l&rsquo;\u00e9cole est consid\u00e9rable. \u00c0 l&rsquo;\u00e9cole, un enfant est expos\u00e9 \u00e0 la langue \u00e9trang\u00e8re peut-\u00eatre trois \u00e0 quatre heures par semaine. Dans un s\u00e9jour linguistique, c&rsquo;est du matin au soir. Les enfants qui peinent depuis des ann\u00e9es avec l&rsquo;anglais ou une autre langue constatent souvent, apr\u00e8s une telle semaine, une perc\u00e9e que des mois de cours scolaires n&rsquo;ont pas permis d&rsquo;atteindre.<\/p>\n<p>Un bon s\u00e9jour linguistique combine des cours structur\u00e9s avec des moments informels o\u00f9 la langue est utilis\u00e9e spontan\u00e9ment. Cet usage informel est crucial : c&rsquo;est pr\u00e9cis\u00e9ment dans ce contexte d\u00e9tendu que les enfants l\u00e8vent leurs inhibitions et commencent simplement \u00e0 parler.<\/p>\n<h2>Un enfant ayant un retard linguistique peut-il suivre un s\u00e9jour linguistique intensif ?<\/h2>\n<p>Oui, un enfant ayant un retard linguistique peut suivre un s\u00e9jour linguistique intensif, \u00e0 condition que le s\u00e9jour fonctionne avec des groupes de niveaux et adapte les cours aux besoins de chaque enfant. Un retard linguistique n&rsquo;est pas une raison de ne pas participer \u2014 c&rsquo;est au contraire une excellente raison d&rsquo;y aller.<\/p>\n<p>Les enfants qui ne prononcent pas un mot \u00e0 l&rsquo;\u00e9cole, malgr\u00e9 des ann\u00e9es de cours, obtiennent souvent des r\u00e9sultats \u00e9tonnamment bons dans l&rsquo;environnement d&rsquo;un s\u00e9jour linguistique. Le contexte est enti\u00e8rement diff\u00e9rent. Il n&rsquo;y a pas de pression d&rsquo;\u00e9valuation, pas de camarades qui se moquent, pas de notes. Il y a seulement un groupe de pairs qui sont tous dans le m\u00eame bateau et d\u00e9couvrent une langue ensemble.<\/p>\n<p>Ce qui est important : choisissez un s\u00e9jour o\u00f9 les enfants sont r\u00e9partis en fonction de leur niveau r\u00e9el, et non de leur ann\u00e9e scolaire. Un enfant en troisi\u00e8me ann\u00e9e de coll\u00e8ge qui peine \u00e0 construire une phrase en anglais a des besoins diff\u00e9rents d&rsquo;un camarade qui s&rsquo;exprime d\u00e9j\u00e0 couramment. Dans de petits groupes bien constitu\u00e9s, un enfant ayant un retard linguistique ne se sent pas le maillon faible, mais simplement un apprenant \u00e0 son propre niveau.<\/p>\n<h2>Quel niveau un enfant doit-il avoir pour commencer ?<\/h2>\n<p>Un enfant n&rsquo;a besoin d&rsquo;aucune connaissance pr\u00e9alable pour commencer un s\u00e9jour linguistique. La plupart des s\u00e9jours linguistiques s\u00e9rieux sont accessibles aux grands d\u00e9butants. Le point de d\u00e9part n&rsquo;est pas le niveau de l&rsquo;enfant, mais sa volont\u00e9 d&rsquo;essayer et de participer.<\/p>\n<p>Lors de l&rsquo;inscription, le niveau actuel de l&rsquo;enfant est g\u00e9n\u00e9ralement demand\u00e9 afin que l&rsquo;organisation puisse constituer les groupes de mani\u00e8re appropri\u00e9e. Ce niveau est \u00e9galement \u00e9valu\u00e9 \u00e0 nouveau le premier jour du s\u00e9jour. S&rsquo;il s&rsquo;av\u00e8re qu&rsquo;un enfant correspond mieux \u00e0 un autre groupe, ce changement est effectu\u00e9 rapidement.<\/p>\n<p>Les parents qui s&rsquo;inqui\u00e8tent parce que leur enfant \u00ab n&rsquo;a jamais rien appris en cours d&rsquo;anglais \u00bb ou \u00ab ne dit pas un mot malgr\u00e9 trois ans de fran\u00e7ais \u00bb peuvent \u00eatre rassur\u00e9s : c&rsquo;est pr\u00e9cis\u00e9ment le profil d&rsquo;un enfant qui b\u00e9n\u00e9ficierait d&rsquo;une approche diff\u00e9rente. Un s\u00e9jour linguistique offre cette approche diff\u00e9rente.<\/p>\n<h2>Comment un enfant ayant un retard linguistique progresse-t-il malgr\u00e9 tout ?<\/h2>\n<p>Un enfant ayant un retard linguistique progresse dans un s\u00e9jour linguistique parce que l&rsquo;environnement d&rsquo;apprentissage diff\u00e8re fondamentalement du contexte scolaire. La langue n&rsquo;est plus une mati\u00e8re avec un examen, mais un moyen de communication dont l&rsquo;enfant a besoin toute la journ\u00e9e pour se d\u00e9brouiller, se faire des amis et participer aux activit\u00e9s.<\/p>\n<p>Trois m\u00e9canismes jouent un r\u00f4le cl\u00e9 dans ce processus :<\/p>\n<ul>\n <li><strong>R\u00e9p\u00e9tition en contexte :<\/strong> Les mots et les phrases ne sont pas appris par c\u0153ur, mais utilis\u00e9s encore et encore dans des situations r\u00e9elles. Cela les rend bien plus faciles \u00e0 retenir.<\/li>\n <li><strong>Faible barri\u00e8re \u00e0 l&rsquo;expression orale :<\/strong> Dans un environnement o\u00f9 tout le monde apprend la m\u00eame langue, la peur de faire des erreurs dispara\u00eet. Les enfants qui n&rsquo;osent normalement pas dire un mot commencent \u00e0 parler apr\u00e8s un jour ou deux.<\/li>\n <li><strong>Adaptation personnalis\u00e9e :<\/strong> Dans de petits groupes, les enseignants peuvent vraiment r\u00e9pondre aux besoins de chaque enfant, au lieu de maintenir un seul rythme pour trente \u00e9l\u00e8ves.<\/li>\n<\/ul>\n<p>Les enfants qui sont peu en contact avec une langue pendant l&rsquo;\u00e9t\u00e9 perdent \u00e9galement rapidement ce qu&rsquo;ils ont acquis \u00e0 l&rsquo;\u00e9cole. Un s\u00e9jour linguistique pendant les vacances inverse ce sch\u00e9ma : au lieu de perdre des connaissances linguistiques, l&rsquo;enfant continue \u00e0 progresser.<\/p>\n<h2>Que faire si un enfant r\u00e9siste \u00e0 l&rsquo;apprentissage ?<\/h2>\n<p>Si un enfant d\u00e9teste les cours de langue mais doit quand m\u00eame progresser, la r\u00e9sistance face \u00e0 un s\u00e9jour linguistique est compr\u00e9hensible. Pourtant, pour beaucoup de ces enfants, un s\u00e9jour linguistique est une agr\u00e9able surprise, car cela ne ressemble pas \u00e0 l&rsquo;\u00e9cole. La journ\u00e9e est remplie d&rsquo;activit\u00e9s, de jeux et d&rsquo;interactions sociales o\u00f9 la langue est un moyen, et non une fin en soi.<\/p>\n<p>Les enfants qui disent \u00ab je ne veux pas \u00bb \u00e0 la maison changent souvent rapidement d&rsquo;attitude au s\u00e9jour. C&rsquo;est parce que la motivation \u00e9volue : il ne s&rsquo;agit plus d&rsquo;apprendre pour une note, mais de communiquer pour faire partie du groupe, pour gagner un jeu, pour comprendre un nouvel ami. Cette motivation intrins\u00e8que est bien plus puissante que la pression externe de l&rsquo;\u00e9cole ou des parents.<\/p>\n<p>Il est \u00e9galement utile d&rsquo;impliquer l&rsquo;enfant dans le choix. Montrez-lui o\u00f9 se d\u00e9roule le s\u00e9jour, quelles sont les activit\u00e9s et qui y participe. Plus un enfant a le sentiment de choisir lui-m\u00eame, moins la r\u00e9sistance est grande \u00e0 l&rsquo;arriv\u00e9e.<\/p>\n<h2>Comment les parents savent-ils que leur enfant progresse vraiment ?<\/h2>\n<p>Les parents peuvent reconna\u00eetre les progr\u00e8s de leur enfant dans un s\u00e9jour linguistique \u00e0 travers des changements de comportement concrets : l&rsquo;enfant r\u00e9agit spontan\u00e9ment dans la langue cible, comprend davantage qu&rsquo;auparavant et s&rsquo;exprime avec plus de confiance. Ce sont des signaux plus fiables qu&rsquo;une note \u00e0 un examen.<\/p>\n<p>Les bons s\u00e9jours linguistiques fournissent \u00e9galement un retour aux parents. Cela peut prendre la forme d&rsquo;un rapport oral ou \u00e9crit sur les progr\u00e8s de l&rsquo;enfant, la r\u00e9partition en groupes effectu\u00e9e et les points d&rsquo;attention sp\u00e9cifiques \u00e0 travailler \u00e0 la maison. Ainsi, les parents savent non seulement qu&rsquo;il y a des progr\u00e8s, mais aussi sur quoi il reste \u00e0 travailler.<\/p>\n<p>Apr\u00e8s le s\u00e9jour, il est important de ne pas laisser les comp\u00e9tences linguistiques s&rsquo;effacer. De petites habitudes y contribuent : regarder un film en anglais ou en fran\u00e7ais, lire un livre dans la langue cible ou s&rsquo;exercer quelques minutes par jour. Le s\u00e9jour pose les fondations, mais celles-ci peuvent \u00eatre renforc\u00e9es \u00e0 la maison.<\/p>\n<h2>Comment The Language Academy aide les enfants ayant un retard linguistique<\/h2>\n<p>Chez The Language Academy, nous croyons que chaque enfant peut apprendre une langue, y compris les enfants qui peinent depuis des ann\u00e9es ou qui ont peur de parler. Notre approche est sp\u00e9cialement con\u00e7ue pour les enfants qui ne progressent pas \u00e0 l&rsquo;\u00e9cole et qui ont besoin d&rsquo;un autre environnement pour s&rsquo;\u00e9panouir.<\/p>\n<p>Voici ce que nous proposons pour les enfants ayant un retard linguistique :<\/p>\n<ul>\n <li><strong>100 % immersion :<\/strong> Tout le monde parle la langue cible toute la journ\u00e9e, du petit-d\u00e9jeuner \u00e0 l&rsquo;activit\u00e9 du soir. Pas d&rsquo;\u00e9chappatoire vers la langue maternelle, mais sans stress pour autant : l&rsquo;environnement est chaleureux et s\u00e9curisant.<\/li>\n <li><strong>Petits groupes :<\/strong> En moyenne dix \u00e0 douze \u00e9l\u00e8ves par groupe, afin que chaque enseignant puisse vraiment accorder de l&rsquo;attention \u00e0 chaque enfant.<\/li>\n <li><strong>R\u00e9partition par niveau :<\/strong> Nous commen\u00e7ons par une \u00e9valuation approfondie du niveau et adaptons la composition des groupes si n\u00e9cessaire. Les grands d\u00e9butants sont les bienvenus.<\/li>\n <li><strong>Environnement sans smartphone :<\/strong> Sans la distraction des \u00e9crans, les enfants restent totalement immerg\u00e9s dans la bulle linguistique et entrent plus facilement en contact les uns avec les autres.<\/li>\n <li><strong>Fonds Social :<\/strong> Pour les familles ayant besoin d&rsquo;un soutien financier, nous proposons un acc\u00e8s via notre Fonds Social.<\/li>\n<\/ul>\n<p>Vous souhaitez savoir quel s\u00e9jour correspond le mieux \u00e0 votre enfant ? Consultez notre <a href=\"https:\/\/ruysschaert.info\/fr\/sejour-linguistique\/\">offre compl\u00e8te de s\u00e9jours linguistiques<\/a>, d\u00e9couvrez toutes les <a href=\"https:\/\/ruysschaert.info\/fr\/informations-pratiques\/\">informations pratiques<\/a> ou rendez-vous directement sur <a href=\"https:\/\/ruysschaert.info\/fr\/choisis-ton-sejour-linguistique\/\">choisir votre s\u00e9jour<\/a> pour trouver le s\u00e9jour id\u00e9al pour votre enfant. Sur le <a href=\"https:\/\/ruysschaert.info\/fr\/\">site web de The Language Academy<\/a>, vous trouverez toutes les informations n\u00e9cessaires pour faire un choix \u00e9clair\u00e9.<\/p>\n<div class=\"wp-block-seoaic-faq-block\">\n    <h2 class=\"seoaic-faq-section-title\">Foire aux questions<\/h2>\n            <div class=\"seoaic-faq-item\">\n            <h3 class=\"seoaic-question\">\n                Combien de temps \u00e0 l&#039;avance dois-je inscrire mon enfant \u00e0 un s\u00e9jour linguistique ?            <\/h3>\n            <p class=\"seoaic-answer\">\n                Il est fortement conseill\u00e9 de s&rsquo;inscrire le plus t\u00f4t possible, de pr\u00e9f\u00e9rence plusieurs mois avant le d\u00e9but du s\u00e9jour. Les s\u00e9jours linguistiques populaires affichent rapidement complet, surtout les \u00e9ditions estivales. S&rsquo;inscrire t\u00f4t garantit \u00e9galement qu&rsquo;il y a suffisamment de temps pour une bonne \u00e9valuation du niveau et une r\u00e9partition en groupes adapt\u00e9e, ce qui est particuli\u00e8rement important pour les enfants ayant un retard linguistique.            <\/p>\n        <\/div>\n                <div class=\"seoaic-faq-item\">\n            <h3 class=\"seoaic-question\">\n                Que faire si mon enfant veut quitter le s\u00e9jour en cours de route ?            <\/h3>\n            <p class=\"seoaic-answer\">\n                Le mal du pays ou les difficult\u00e9s d&rsquo;adaptation les premiers jours sont normaux, m\u00eame pour les enfants sans retard linguistique. La plupart des s\u00e9jours linguistiques ont des encadrants sp\u00e9cifiquement form\u00e9s pour cela, qui aident les enfants \u00e0 franchir ce premier obstacle. L&rsquo;exp\u00e9rience montre que les enfants qui envisagent de partir apr\u00e8s le premier jour sont souvent ceux qui, \u00e0 la fin du s\u00e9jour, sont les moins press\u00e9s de rentrer.            <\/p>\n        <\/div>\n                <div class=\"seoaic-faq-item\">\n            <h3 class=\"seoaic-question\">\n                Un s\u00e9jour linguistique peut-il aussi aider si mon enfant a un trouble des apprentissages, comme la dyslexie ou le TDAH ?            <\/h3>\n            <p class=\"seoaic-answer\">\n                De nombreux enfants atteints de dyslexie, de TDAH ou d&rsquo;autres troubles des apprentissages s&rsquo;\u00e9panouissent justement dans l&rsquo;environnement d&rsquo;un s\u00e9jour linguistique, car l&rsquo;accent est mis sur la communication orale plut\u00f4t que sur l&rsquo;\u00e9criture et la lecture. Il est toutefois important d&rsquo;informer l&rsquo;organisation \u00e0 l&rsquo;avance des besoins sp\u00e9cifiques de votre enfant, afin que les encadrants puissent en tenir compte. Demandez explicitement lors de l&rsquo;inscription si le s\u00e9jour a de l&rsquo;exp\u00e9rience avec des enfants ayant des troubles des apprentissages.            <\/p>\n        <\/div>\n                <div class=\"seoaic-faq-item\">\n            <h3 class=\"seoaic-question\">\n                Comment puis-je, en tant que parent, maintenir les acquis linguistiques apr\u00e8s le s\u00e9jour ?            <\/h3>\n            <p class=\"seoaic-answer\">\n                La p\u00e9riode qui suit imm\u00e9diatement le s\u00e9jour est cruciale : essayez de maintenir la langue vivante gr\u00e2ce \u00e0 de petites habitudes quotidiennes, comme regarder des s\u00e9ries ou des films dans la langue cible, utiliser des applications d&rsquo;apprentissage des langues ou lire un livre au niveau appropri\u00e9. Encouragez \u00e9galement votre enfant \u00e0 rester en contact avec ses amis du s\u00e9jour dans la langue cible, car cette motivation sociale est un puissant moteur. Vous construisez ainsi sur les fondations pos\u00e9es par le s\u00e9jour.            <\/p>\n        <\/div>\n                <div class=\"seoaic-faq-item\">\n            <h3 class=\"seoaic-question\">\n                Quel est le nombre id\u00e9al de participants par groupe pour un enfant ayant un retard linguistique ?            <\/h3>\n            <p class=\"seoaic-answer\">\n                Pour les enfants ayant un retard linguistique, la r\u00e8gle est simple : plus le groupe est petit, mieux c&rsquo;est. Un groupe de dix \u00e0 douze \u00e9l\u00e8ves est id\u00e9al, car l&rsquo;enseignant peut alors vraiment accorder une attention individuelle et adapter le rythme \u00e0 chaque enfant. \u00c9vitez les s\u00e9jours avec de grandes classes de vingt \u00e9l\u00e8ves ou plus, car ils reproduisent trop fortement la situation scolaire qui n&rsquo;a pas fonctionn\u00e9 pour votre enfant.            <\/p>\n        <\/div>\n                <div class=\"seoaic-faq-item\">\n            <h3 class=\"seoaic-question\">\n                Quelle langue est la plus utile de choisir pour un enfant ayant un retard linguistique : l&#039;anglais ou le fran\u00e7ais ?            <\/h3>\n            <p class=\"seoaic-answer\">\n                Choisissez de pr\u00e9f\u00e9rence la langue avec laquelle votre enfant a le plus de difficult\u00e9s \u00e0 l&rsquo;\u00e9cole et pour laquelle le besoin est le plus grand, mais tenez \u00e9galement compte de la motivation de votre enfant. Un enfant motiv\u00e9 pour l&rsquo;anglais mais qui peine en fran\u00e7ais tirera davantage profit d&rsquo;un s\u00e9jour en anglais, car la motivation intrins\u00e8que joue un r\u00f4le cl\u00e9 dans le processus d&rsquo;apprentissage. Discutez-en avec votre enfant et utilisez ce choix comme premi\u00e8re \u00e9tape pour l&rsquo;impliquer.            <\/p>\n        <\/div>\n                <div class=\"seoaic-faq-item\">\n            <h3 class=\"seoaic-question\">\n                Un soutien financier est-il possible si le s\u00e9jour est trop co\u00fbteux pour notre famille ?            <\/h3>\n            <p class=\"seoaic-answer\">\n                Oui, certains s\u00e9jours linguistiques, dont The Language Academy, proposent un Fonds Social pour les familles qui ne peuvent pas prendre en charge l&rsquo;int\u00e9gralit\u00e9 du co\u00fbt d&rsquo;un s\u00e9jour. Renseignez-vous discr\u00e8tement lors de l&rsquo;inscription sur les possibilit\u00e9s, car ces dispositifs existent pr\u00e9cis\u00e9ment pour faire en sorte que les obstacles financiers ne constituent pas un frein pour les enfants qui b\u00e9n\u00e9ficieraient d&rsquo;un s\u00e9jour linguistique. Par ailleurs, certains frais peuvent \u00eatre d\u00e9ductibles au titre de la garde p\u00e9riscolaire ; v\u00e9rifiez cela aupr\u00e8s de votre commune ou de votre employeur.            <\/p>\n        <\/div>\n        <\/div>\n","protected":false},"excerpt":{"rendered":"<p>D\u00e9couvrez pourquoi un s\u00e9jour linguistique pour les enfants en retard de langage est \u00e9tonnamment efficace \u2014 et comment ils parviennent enfin \u00e0 s&rsquo;\u00e9panouir.<\/p>\n","protected":false},"author":8,"featured_media":24591,"template":"","categories":[1],"tags":[],"class_list":["post-24719","seoai_post","type-seoai_post","status-publish","has-post-thumbnail","hentry","category-student"],"acf":[],"yoast_head":"<!-- This site is optimized with the Yoast SEO plugin v28.2 - https:\/\/yoast.com\/product\/yoast-seo-wordpress\/ -->\n<title>Un enfant ayant un retard de langage peut-il participer \u00e0 un camp linguistique intensif ? - The Language Academy<\/title>\n<meta name=\"description\" content=\"Votre enfant a du retard en langue ? Un s\u00e9jour linguistique intensif offre immersion, petits groupes et approche adapt\u00e9e au niveau \u2014 d\u00e9couvrez pourquoi cela fonctionne.\" \/>\n<meta name=\"robots\" content=\"index, follow, max-snippet:-1, max-image-preview:large, max-video-preview:-1\" \/>\n<link rel=\"canonical\" href=\"https:\/\/ruysschaert.info\/fr\/blogs\/un-enfant-avec-retard-de-langage-peut-il-participer-a-un-camp-linguistique-intensif\/\" \/>\n<meta property=\"og:locale\" content=\"fr_FR\" \/>\n<meta property=\"og:type\" content=\"article\" \/>\n<meta property=\"og:title\" content=\"Un enfant ayant un retard de langage peut-il participer \u00e0 un camp linguistique intensif ? - The Language Academy\" \/>\n<meta property=\"og:description\" content=\"Votre enfant a du retard en langue ? Un s\u00e9jour linguistique intensif offre immersion, petits groupes et approche adapt\u00e9e au niveau \u2014 d\u00e9couvrez pourquoi cela fonctionne.\" \/>\n<meta property=\"og:url\" content=\"https:\/\/ruysschaert.info\/fr\/blogs\/un-enfant-avec-retard-de-langage-peut-il-participer-a-un-camp-linguistique-intensif\/\" \/>\n<meta property=\"og:site_name\" content=\"The Language Academy\" \/>\n<meta property=\"og:image\" content=\"https:\/\/ruysschaert.info\/wp-content\/uploads\/2026\/06\/kind-leerkracht-taalkaarten-houten-tafel.webp\" \/>\n\t<meta property=\"og:image:width\" content=\"1024\" \/>\n\t<meta property=\"og:image:height\" content=\"768\" \/>\n\t<meta property=\"og:image:type\" content=\"image\/webp\" \/>\n<meta name=\"twitter:card\" content=\"summary_large_image\" \/>\n<meta name=\"twitter:label1\" content=\"Dur\u00e9e de lecture estim\u00e9e\" \/>\n\t<meta name=\"twitter:data1\" content=\"11 minutes\" \/>\n<script type=\"application\/ld+json\" class=\"yoast-schema-graph\">{\"@context\":\"https:\\\/\\\/schema.org\",\"@graph\":[{\"@type\":\"WebPage\",\"@id\":\"https:\\\/\\\/ruysschaert.info\\\/fr\\\/blogs\\\/un-enfant-avec-retard-de-langage-peut-il-participer-a-un-camp-linguistique-intensif\\\/\",\"url\":\"https:\\\/\\\/ruysschaert.info\\\/fr\\\/blogs\\\/un-enfant-avec-retard-de-langage-peut-il-participer-a-un-camp-linguistique-intensif\\\/\",\"name\":\"Un enfant ayant un retard de langage peut-il participer \u00e0 un camp linguistique intensif ? - The Language Academy\",\"isPartOf\":{\"@id\":\"https:\\\/\\\/ruysschaert.info\\\/fr\\\/#website\"},\"primaryImageOfPage\":{\"@id\":\"https:\\\/\\\/ruysschaert.info\\\/fr\\\/blogs\\\/un-enfant-avec-retard-de-langage-peut-il-participer-a-un-camp-linguistique-intensif\\\/#primaryimage\"},\"image\":{\"@id\":\"https:\\\/\\\/ruysschaert.info\\\/fr\\\/blogs\\\/un-enfant-avec-retard-de-langage-peut-il-participer-a-un-camp-linguistique-intensif\\\/#primaryimage\"},\"thumbnailUrl\":\"https:\\\/\\\/ruysschaert.info\\\/wp-content\\\/uploads\\\/2026\\\/06\\\/kind-leerkracht-taalkaarten-houten-tafel.webp\",\"datePublished\":\"2026-07-19T06:00:00+00:00\",\"description\":\"Votre enfant a du retard en langue ? Un s\u00e9jour linguistique intensif offre immersion, petits groupes et approche adapt\u00e9e au niveau \u2014 d\u00e9couvrez pourquoi cela fonctionne.\",\"breadcrumb\":{\"@id\":\"https:\\\/\\\/ruysschaert.info\\\/fr\\\/blogs\\\/un-enfant-avec-retard-de-langage-peut-il-participer-a-un-camp-linguistique-intensif\\\/#breadcrumb\"},\"inLanguage\":\"fr-FR\",\"potentialAction\":[{\"@type\":\"ReadAction\",\"target\":[\"https:\\\/\\\/ruysschaert.info\\\/fr\\\/blogs\\\/un-enfant-avec-retard-de-langage-peut-il-participer-a-un-camp-linguistique-intensif\\\/\"]}]},{\"@type\":\"ImageObject\",\"inLanguage\":\"fr-FR\",\"@id\":\"https:\\\/\\\/ruysschaert.info\\\/fr\\\/blogs\\\/un-enfant-avec-retard-de-langage-peut-il-participer-a-un-camp-linguistique-intensif\\\/#primaryimage\",\"url\":\"https:\\\/\\\/ruysschaert.info\\\/wp-content\\\/uploads\\\/2026\\\/06\\\/kind-leerkracht-taalkaarten-houten-tafel.webp\",\"contentUrl\":\"https:\\\/\\\/ruysschaert.info\\\/wp-content\\\/uploads\\\/2026\\\/06\\\/kind-leerkracht-taalkaarten-houten-tafel.webp\",\"width\":1024,\"height\":768,\"caption\":\"Kind aan houten tafeltje met juf die meekijkt naar kleurrijke taalflashcards in zonnige, warme klasomgeving.\"},{\"@type\":\"BreadcrumbList\",\"@id\":\"https:\\\/\\\/ruysschaert.info\\\/fr\\\/blogs\\\/un-enfant-avec-retard-de-langage-peut-il-participer-a-un-camp-linguistique-intensif\\\/#breadcrumb\",\"itemListElement\":[{\"@type\":\"ListItem\",\"position\":1,\"name\":\"Home\",\"item\":\"https:\\\/\\\/ruysschaert.info\\\/fr\\\/\"},{\"@type\":\"ListItem\",\"position\":2,\"name\":\"SEO AI Posts\",\"item\":\"https:\\\/\\\/ruysschaert.info\\\/fr\\\/blogs\\\/\"},{\"@type\":\"ListItem\",\"position\":3,\"name\":\"Un enfant ayant un retard de langage peut-il participer \u00e0 un camp linguistique intensif ?\"}]},{\"@type\":\"WebSite\",\"@id\":\"https:\\\/\\\/ruysschaert.info\\\/fr\\\/#website\",\"url\":\"https:\\\/\\\/ruysschaert.info\\\/fr\\\/\",\"name\":\"The Language Academy\",\"description\":\"Taalkampen en taalvakanties\",\"publisher\":{\"@id\":\"https:\\\/\\\/ruysschaert.info\\\/fr\\\/#organization\"},\"potentialAction\":[{\"@type\":\"SearchAction\",\"target\":{\"@type\":\"EntryPoint\",\"urlTemplate\":\"https:\\\/\\\/ruysschaert.info\\\/fr\\\/?s={search_term_string}\"},\"query-input\":{\"@type\":\"PropertyValueSpecification\",\"valueRequired\":true,\"valueName\":\"search_term_string\"}}],\"inLanguage\":\"fr-FR\"},{\"@type\":\"Organization\",\"@id\":\"https:\\\/\\\/ruysschaert.info\\\/fr\\\/#organization\",\"name\":\"The Language Academy Ruysschaert\",\"url\":\"https:\\\/\\\/ruysschaert.info\\\/fr\\\/\",\"logo\":{\"@type\":\"ImageObject\",\"inLanguage\":\"fr-FR\",\"@id\":\"https:\\\/\\\/ruysschaert.info\\\/fr\\\/#\\\/schema\\\/logo\\\/image\\\/\",\"url\":\"https:\\\/\\\/ruysschaert.info\\\/wp-content\\\/uploads\\\/2025\\\/05\\\/cropped-The-Language-Academy-Logo-Icoon-met-rand.png\",\"contentUrl\":\"https:\\\/\\\/ruysschaert.info\\\/wp-content\\\/uploads\\\/2025\\\/05\\\/cropped-The-Language-Academy-Logo-Icoon-met-rand.png\",\"width\":512,\"height\":512,\"caption\":\"The Language Academy Ruysschaert\"},\"image\":{\"@id\":\"https:\\\/\\\/ruysschaert.info\\\/fr\\\/#\\\/schema\\\/logo\\\/image\\\/\"}}]}<\/script>\n<!-- \/ Yoast SEO plugin. -->","yoast_head_json":{"title":"Un enfant ayant un retard de langage peut-il participer \u00e0 un camp linguistique intensif ? - The Language Academy","description":"Votre enfant a du retard en langue ? Un s\u00e9jour linguistique intensif offre immersion, petits groupes et approche adapt\u00e9e au niveau \u2014 d\u00e9couvrez pourquoi cela fonctionne.","robots":{"index":"index","follow":"follow","max-snippet":"max-snippet:-1","max-image-preview":"max-image-preview:large","max-video-preview":"max-video-preview:-1"},"canonical":"https:\/\/ruysschaert.info\/fr\/blogs\/un-enfant-avec-retard-de-langage-peut-il-participer-a-un-camp-linguistique-intensif\/","og_locale":"fr_FR","og_type":"article","og_title":"Un enfant ayant un retard de langage peut-il participer \u00e0 un camp linguistique intensif ? - The Language Academy","og_description":"Votre enfant a du retard en langue ? Un s\u00e9jour linguistique intensif offre immersion, petits groupes et approche adapt\u00e9e au niveau \u2014 d\u00e9couvrez pourquoi cela fonctionne.","og_url":"https:\/\/ruysschaert.info\/fr\/blogs\/un-enfant-avec-retard-de-langage-peut-il-participer-a-un-camp-linguistique-intensif\/","og_site_name":"The Language Academy","og_image":[{"width":1024,"height":768,"url":"https:\/\/ruysschaert.info\/wp-content\/uploads\/2026\/06\/kind-leerkracht-taalkaarten-houten-tafel.webp","type":"image\/webp"}],"twitter_card":"summary_large_image","twitter_misc":{"Dur\u00e9e de lecture estim\u00e9e":"11 minutes"},"schema":{"@context":"https:\/\/schema.org","@graph":[{"@type":"WebPage","@id":"https:\/\/ruysschaert.info\/fr\/blogs\/un-enfant-avec-retard-de-langage-peut-il-participer-a-un-camp-linguistique-intensif\/","url":"https:\/\/ruysschaert.info\/fr\/blogs\/un-enfant-avec-retard-de-langage-peut-il-participer-a-un-camp-linguistique-intensif\/","name":"Un enfant ayant un retard de langage peut-il participer \u00e0 un camp linguistique intensif ? - The Language Academy","isPartOf":{"@id":"https:\/\/ruysschaert.info\/fr\/#website"},"primaryImageOfPage":{"@id":"https:\/\/ruysschaert.info\/fr\/blogs\/un-enfant-avec-retard-de-langage-peut-il-participer-a-un-camp-linguistique-intensif\/#primaryimage"},"image":{"@id":"https:\/\/ruysschaert.info\/fr\/blogs\/un-enfant-avec-retard-de-langage-peut-il-participer-a-un-camp-linguistique-intensif\/#primaryimage"},"thumbnailUrl":"https:\/\/ruysschaert.info\/wp-content\/uploads\/2026\/06\/kind-leerkracht-taalkaarten-houten-tafel.webp","datePublished":"2026-07-19T06:00:00+00:00","description":"Votre enfant a du retard en langue ? Un s\u00e9jour linguistique intensif offre immersion, petits groupes et approche adapt\u00e9e au niveau \u2014 d\u00e9couvrez pourquoi cela fonctionne.","breadcrumb":{"@id":"https:\/\/ruysschaert.info\/fr\/blogs\/un-enfant-avec-retard-de-langage-peut-il-participer-a-un-camp-linguistique-intensif\/#breadcrumb"},"inLanguage":"fr-FR","potentialAction":[{"@type":"ReadAction","target":["https:\/\/ruysschaert.info\/fr\/blogs\/un-enfant-avec-retard-de-langage-peut-il-participer-a-un-camp-linguistique-intensif\/"]}]},{"@type":"ImageObject","inLanguage":"fr-FR","@id":"https:\/\/ruysschaert.info\/fr\/blogs\/un-enfant-avec-retard-de-langage-peut-il-participer-a-un-camp-linguistique-intensif\/#primaryimage","url":"https:\/\/ruysschaert.info\/wp-content\/uploads\/2026\/06\/kind-leerkracht-taalkaarten-houten-tafel.webp","contentUrl":"https:\/\/ruysschaert.info\/wp-content\/uploads\/2026\/06\/kind-leerkracht-taalkaarten-houten-tafel.webp","width":1024,"height":768,"caption":"Kind aan houten tafeltje met juf die meekijkt naar kleurrijke taalflashcards in zonnige, warme klasomgeving."},{"@type":"BreadcrumbList","@id":"https:\/\/ruysschaert.info\/fr\/blogs\/un-enfant-avec-retard-de-langage-peut-il-participer-a-un-camp-linguistique-intensif\/#breadcrumb","itemListElement":[{"@type":"ListItem","position":1,"name":"Home","item":"https:\/\/ruysschaert.info\/fr\/"},{"@type":"ListItem","position":2,"name":"SEO AI Posts","item":"https:\/\/ruysschaert.info\/fr\/blogs\/"},{"@type":"ListItem","position":3,"name":"Un enfant ayant un retard de langage peut-il participer \u00e0 un camp linguistique intensif ?"}]},{"@type":"WebSite","@id":"https:\/\/ruysschaert.info\/fr\/#website","url":"https:\/\/ruysschaert.info\/fr\/","name":"The Language Academy","description":"Taalkampen en taalvakanties","publisher":{"@id":"https:\/\/ruysschaert.info\/fr\/#organization"},"potentialAction":[{"@type":"SearchAction","target":{"@type":"EntryPoint","urlTemplate":"https:\/\/ruysschaert.info\/fr\/?s={search_term_string}"},"query-input":{"@type":"PropertyValueSpecification","valueRequired":true,"valueName":"search_term_string"}}],"inLanguage":"fr-FR"},{"@type":"Organization","@id":"https:\/\/ruysschaert.info\/fr\/#organization","name":"The Language Academy Ruysschaert","url":"https:\/\/ruysschaert.info\/fr\/","logo":{"@type":"ImageObject","inLanguage":"fr-FR","@id":"https:\/\/ruysschaert.info\/fr\/#\/schema\/logo\/image\/","url":"https:\/\/ruysschaert.info\/wp-content\/uploads\/2025\/05\/cropped-The-Language-Academy-Logo-Icoon-met-rand.png","contentUrl":"https:\/\/ruysschaert.info\/wp-content\/uploads\/2025\/05\/cropped-The-Language-Academy-Logo-Icoon-met-rand.png","width":512,"height":512,"caption":"The Language Academy Ruysschaert"},"image":{"@id":"https:\/\/ruysschaert.info\/fr\/#\/schema\/logo\/image\/"}}]}},"_links":{"self":[{"href":"https:\/\/ruysschaert.info\/fr\/wp-json\/wp\/v2\/seoai_post\/24719","targetHints":{"allow":["GET"]}}],"collection":[{"href":"https:\/\/ruysschaert.info\/fr\/wp-json\/wp\/v2\/seoai_post"}],"about":[{"href":"https:\/\/ruysschaert.info\/fr\/wp-json\/wp\/v2\/types\/seoai_post"}],"author":[{"embeddable":true,"href":"https:\/\/ruysschaert.info\/fr\/wp-json\/wp\/v2\/users\/8"}],"version-history":[{"count":1,"href":"https:\/\/ruysschaert.info\/fr\/wp-json\/wp\/v2\/seoai_post\/24719\/revisions"}],"predecessor-version":[{"id":24745,"href":"https:\/\/ruysschaert.info\/fr\/wp-json\/wp\/v2\/seoai_post\/24719\/revisions\/24745"}],"wp:featuredmedia":[{"embeddable":true,"href":"https:\/\/ruysschaert.info\/fr\/wp-json\/wp\/v2\/media\/24591"}],"wp:attachment":[{"href":"https:\/\/ruysschaert.info\/fr\/wp-json\/wp\/v2\/media?parent=24719"}],"wp:term":[{"taxonomy":"category","embeddable":true,"href":"https:\/\/ruysschaert.info\/fr\/wp-json\/wp\/v2\/categories?post=24719"},{"taxonomy":"post_tag","embeddable":true,"href":"https:\/\/ruysschaert.info\/fr\/wp-json\/wp\/v2\/tags?post=24719"}],"curies":[{"name":"wp","href":"https:\/\/api.w.org\/{rel}","templated":true}]}}